{"id":5886,"date":"2023-10-12T04:12:12","date_gmt":"2023-10-12T01:12:12","guid":{"rendered":"https:\/\/egemhabertv.com\/?p=5886"},"modified":"2023-10-12T04:12:12","modified_gmt":"2023-10-12T01:12:12","slug":"mobilyaci-da-fiyat-sabitliyor","status":"publish","type":"post","link":"https:\/\/egemhabertv.com\/?p=5886","title":{"rendered":"Mobilyac\u0131 da fiyat sabitliyor"},"content":{"rendered":"<p> [ad_1]<br \/>\n<br \/><a href=\"https:\/\/www.ekonomim.com\/sektorler\/mobilya\/mobilyaci-da-fiyat-sabitliyor-haberi-711367\"><img loading=\"lazy\" decoding=\"async\" src=\"https:\/\/i.ekonomim.com\/2\/150\/84\/storage\/files\/images\/2023\/09\/13\/mobilya2-yyiy_cover.jpg\" width=\"150\" height=\"84\" border=\"0\" align=\"right\" \/><\/a><\/p>\n<h4>Mobilya Dernekleri Federasyonu Ba\u015fkan\u0131 Ahmet G\u00fcle\u00e7, federasyon \u00fcyesi 15 dernek ile al\u0131nan karara g\u00f6re y\u0131l sonuna kadar t\u00fcm kategorilerde mobilya perakende fiyatlar\u0131na zam yapmayacaklar\u0131n\u0131 a\u00e7\u0131klad\u0131.<\/h4>\n<p>[ad_2]<br \/>\n<br \/><a href=\"https:\/\/www.ekonomim.com\/sektorler\/mobilya\/mobilyaci-da-fiyat-sabitliyor-haberi-711367\">Source link <\/a><\/p>\n","protected":false},"excerpt":{"rendered":"<p>[ad_1] Mobilya Dernekleri Federasyonu Ba\u015fkan\u0131 Ahmet G\u00fcle\u00e7, federasyon \u00fcyesi 15 dernek ile al\u0131nan karara g\u00f6re<\/p>\n","protected":false},"author":1,"featured_media":3793,"comment_status":"open","ping_status":"open","sticky":false,"template":"","format":"standard","meta":{"footnotes":""},"categories":[3],"tags":[],"class_list":["post-5886","post","type-post","status-publish","format-standard","has-post-thumbnail","hentry","category-ekonomi"],"_links":{"self":[{"href":"https:\/\/egemhabertv.com\/index.php?rest_route=\/wp\/v2\/posts\/5886","targetHints":{"allow":["GET"]}}],"collection":[{"href":"https:\/\/egemhabertv.com\/index.php?rest_route=\/wp\/v2\/posts"}],"about":[{"href":"https:\/\/egemhabertv.com\/index.php?rest_route=\/wp\/v2\/types\/post"}],"author":[{"embeddable":true,"href":"https:\/\/egemhabertv.com\/index.php?rest_route=\/wp\/v2\/users\/1"}],"replies":[{"embeddable":true,"href":"https:\/\/egemhabertv.com\/index.php?rest_route=%2Fwp%2Fv2%2Fcomments&post=5886"}],"version-history":[{"count":0,"href":"https:\/\/egemhabertv.com\/index.php?rest_route=\/wp\/v2\/posts\/5886\/revisions"}],"wp:featuredmedia":[{"embeddable":true,"href":"https:\/\/egemhabertv.com\/index.php?rest_route=\/wp\/v2\/media\/3793"}],"wp:attachment":[{"href":"https:\/\/egemhabertv.com\/index.php?rest_route=%2Fwp%2Fv2%2Fmedia&parent=5886"}],"wp:term":[{"taxonomy":"category","embeddable":true,"href":"https:\/\/egemhabertv.com\/index.php?rest_route=%2Fwp%2Fv2%2Fcategories&post=5886"},{"taxonomy":"post_tag","embeddable":true,"href":"https:\/\/egemhabertv.com\/index.php?rest_route=%2Fwp%2Fv2%2Ftags&post=5886"}],"curies":[{"name":"wp","href":"https:\/\/api.w.org\/{rel}","templated":true}]}}