{"id":5252,"date":"2023-10-03T19:43:29","date_gmt":"2023-10-03T16:43:29","guid":{"rendered":"https:\/\/egemhabertv.com\/?p=5252"},"modified":"2023-10-03T19:43:29","modified_gmt":"2023-10-03T16:43:29","slug":"sosyalistler-katalanlarla-pazarliga-tutusacak","status":"publish","type":"post","link":"https:\/\/egemhabertv.com\/?p=5252","title":{"rendered":"Sosyalistler, Katalanlarla pazarl\u0131\u011fa tutu\u015facak"},"content":{"rendered":"<p> [ad_1]<br \/>\n<br \/><a href=\"https:\/\/www.ekonomim.com\/dunya\/sosyalistler-katalanlarla-pazarliga-tutusacak-haberi-710290\"><img loading=\"lazy\" decoding=\"async\" src=\"https:\/\/i.ekonomim.com\/2\/150\/84\/storage\/files\/images\/2023\/10\/03\/sanchez-oor9_cover.jpg\" width=\"150\" height=\"84\" border=\"0\" align=\"right\" \/><\/a><\/p>\n<h4>\u0130spanya Kral\u0131 6. Felipe, 23 Temmuz&#039;da yap\u0131lan erken genel se\u00e7imler sonras\u0131nda h\u00fck\u00fcmet kurma giri\u015fimlerinin ikinci a\u015famas\u0131nda bu kez Sosyalist \u0130\u015f\u00e7i Partisi (PSOE) lideri ve mevcut Ba\u015fbakan Pedro Sanchez&#039;i g\u00f6revlendirdi.<\/h4>\n<p>[ad_2]<br \/>\n<br \/><a href=\"https:\/\/www.ekonomim.com\/dunya\/sosyalistler-katalanlarla-pazarliga-tutusacak-haberi-710290\">Source link <\/a><\/p>\n","protected":false},"excerpt":{"rendered":"<p>[ad_1] \u0130spanya Kral\u0131 6. Felipe, 23 Temmuz&#039;da yap\u0131lan erken genel se\u00e7imler sonras\u0131nda h\u00fck\u00fcmet kurma giri\u015fimlerinin<\/p>\n","protected":false},"author":1,"featured_media":5253,"comment_status":"open","ping_status":"open","sticky":false,"template":"","format":"standard","meta":{"footnotes":""},"categories":[3],"tags":[],"class_list":["post-5252","post","type-post","status-publish","format-standard","has-post-thumbnail","hentry","category-ekonomi"],"_links":{"self":[{"href":"https:\/\/egemhabertv.com\/index.php?rest_route=\/wp\/v2\/posts\/5252","targetHints":{"allow":["GET"]}}],"collection":[{"href":"https:\/\/egemhabertv.com\/index.php?rest_route=\/wp\/v2\/posts"}],"about":[{"href":"https:\/\/egemhabertv.com\/index.php?rest_route=\/wp\/v2\/types\/post"}],"author":[{"embeddable":true,"href":"https:\/\/egemhabertv.com\/index.php?rest_route=\/wp\/v2\/users\/1"}],"replies":[{"embeddable":true,"href":"https:\/\/egemhabertv.com\/index.php?rest_route=%2Fwp%2Fv2%2Fcomments&post=5252"}],"version-history":[{"count":0,"href":"https:\/\/egemhabertv.com\/index.php?rest_route=\/wp\/v2\/posts\/5252\/revisions"}],"wp:featuredmedia":[{"embeddable":true,"href":"https:\/\/egemhabertv.com\/index.php?rest_route=\/wp\/v2\/media\/5253"}],"wp:attachment":[{"href":"https:\/\/egemhabertv.com\/index.php?rest_route=%2Fwp%2Fv2%2Fmedia&parent=5252"}],"wp:term":[{"taxonomy":"category","embeddable":true,"href":"https:\/\/egemhabertv.com\/index.php?rest_route=%2Fwp%2Fv2%2Fcategories&post=5252"},{"taxonomy":"post_tag","embeddable":true,"href":"https:\/\/egemhabertv.com\/index.php?rest_route=%2Fwp%2Fv2%2Ftags&post=5252"}],"curies":[{"name":"wp","href":"https:\/\/api.w.org\/{rel}","templated":true}]}}