{"id":4982,"date":"2023-09-29T22:16:50","date_gmt":"2023-09-29T19:16:50","guid":{"rendered":"https:\/\/egemhabertv.com\/?p=4982"},"modified":"2023-09-29T22:16:50","modified_gmt":"2023-09-29T19:16:50","slug":"byd-turkiye-pazarina-giris-yapti","status":"publish","type":"post","link":"https:\/\/egemhabertv.com\/?p=4982","title":{"rendered":"BYD, T\u00fcrkiye pazar\u0131na giri\u015f yapt\u0131"},"content":{"rendered":"<p> [ad_1]<br \/>\n<\/p>\n<div>\n<p>\u00c7inli elektrikli ara\u00e7 \u00fcreticisi BYD&#8217;nin ALJ T\u00fcrkiye distrib\u00fct\u00f6rl\u00fc\u011f\u00fcnde T\u00fcrk otomotiv pazar\u0131ndaki yerini almas\u0131na ili\u015fkin \u0130stanbul&#8217;da bas\u0131n toplant\u0131s\u0131 d\u00fczenlendi.<\/p>\n<p>Kas\u0131m ay\u0131ndan itibaren C segmentindeki SUV modeli BYD ATTO 3 ile sat\u0131\u015flar\u0131na ba\u015flayacak olan BYD T\u00fcrkiye, 2024 y\u0131l\u0131n\u0131n ilk \u00e7eyre\u011finde de tasar\u0131m \u00f6d\u00fcll\u00fc BYD SEAL ve BYD HAN modellerini T\u00fcrk kullan\u0131c\u0131s\u0131yla bulu\u015fturacak. Bununla birlikte BYD SEAL U, BYD TANG ve BYD DOLPHIN gibi markan\u0131n di\u011fer modellerinin de gelecek y\u0131l sunulmas\u0131 planlan\u0131yor.<\/p>\n<h2><strong>&#8220;T\u00fcrkiye&#8217;deki otomobil kullan\u0131c\u0131lar\u0131 taraf\u0131ndan b\u00fcy\u00fck be\u011feni toplayaca\u011f\u0131ndan eminiz&#8221;<\/strong><\/h2>\n<p>ALJ T\u00fcrkiye Ba\u015fkan\u0131 ve \u00dcst Y\u00f6neticisi (CEO) Ali Haydar Bozkurt, toplant\u0131da yapt\u0131\u011f\u0131 konu\u015fmada, bir lider markay\u0131 daha T\u00fcrkiye\u2019ye kazand\u0131rmaktan mutlu olduklar\u0131n\u0131 dile getirdi.<\/p>\n<p>25 y\u0131ld\u0131r T\u00fcrkiye otomotiv sekt\u00f6r\u00fcne \u00f6nemli yat\u0131r\u0131mlar yapan ALJ T\u00fcrkiye\u2019nin, BYD distrib\u00fct\u00f6rl\u00fc\u011f\u00fc ile yeni bir yat\u0131r\u0131m daha ger\u00e7ekle\u015ftirdi\u011fini belirten Bozkurt, \u015funlar\u0131 kaydetti:<\/p>\n<p>&#8220;Gen\u00e7 ve dinamik bir yap\u0131ya sahip T\u00fcrk halk\u0131 teknolojik yeniliklere her sekt\u00f6rde oldu\u011fu gibi <a href=\"https:\/\/www.ekonomim.com\/sektorler\/otomotiv\" target=\"_blank\" title=\"otomotiv\" rel=\"noopener\">otomotiv<\/a> sekt\u00f6r\u00fcnde de \u00e7ok a\u00e7\u0131k. Bu ba\u011flamda, d\u00fcnyan\u0131n lider elektrikli ara\u00e7 ve batarya \u00fcreticisi BYD\u2019nin son teknolojiye sahip elektrikli modellerini T\u00fcrkiye pazar\u0131na ilk kez sunacak olman\u0131n heyecan\u0131n\u0131 ya\u015f\u0131yoruz. Otomotiv sekt\u00f6r\u00fcndeki deneyimlerimiz ve itibar\u0131m\u0131z, BYD markas\u0131n\u0131n da T\u00fcrkiye pazar\u0131nda \u00f6nemli bir konuma sahip olmas\u0131na b\u00fcy\u00fck katk\u0131 sa\u011flayacak. BYD\u2019nin geni\u015f \u00fcr\u00fcn gam\u0131yla farkl\u0131 m\u00fc\u015fteri kitlesine hitap eden elektrikli modellerinin, T\u00fcrkiye\u2019deki otomobil kullan\u0131c\u0131lar\u0131 taraf\u0131ndan b\u00fcy\u00fck be\u011feni toplayaca\u011f\u0131ndan eminiz.&#8221;<\/p>\n<h2><strong>&#8220;BYD markas\u0131 k\u0131sa zamanda global bir \u015firket oldu&#8221;<\/strong><\/h2>\n<p>BYD Avrupa Genel M\u00fcd\u00fcr Yard\u0131mc\u0131s\u0131 Brian Yang ise \u00e7ok uluslu bir teknoloji \u015firketi olan BYD\u2019nin, k\u0131sa say\u0131labilecek bir zamanda \u00f6nemli at\u0131l\u0131mlar yaparak global bir marka haline geldi\u011fini s\u00f6yledi.<\/p>\n<p>1995 y\u0131l\u0131nda batarya \u00fcreticisi olarak kurulan BYD&#8217;nin, \u015fu anda 600 binden fazla \u00e7al\u0131\u015fan\u0131 ile 70\u2019in \u00fczerinde \u00fclkede elektrikli otomobilleri t\u00fcketicilerle bulu\u015fturdu\u011funu aktaran Brian Yang, \u015fu de\u011ferlendirmelerde bulundu:<\/p>\n<p>&#8220;Bug\u00fcne kadar otomotiv \u00fcr\u00fcnleri ile birlikte, rayl\u0131 ta\u015f\u0131ma sistemleri, ev kullan\u0131m\u0131 i\u00e7in ak\u00fcler, elektrikli otob\u00fcsler ve di\u011fer end\u00fcstriyel \u00e7\u00f6z\u00fcmleri de sunuyor. D\u00fcnyay\u0131 1 santigrat derece so\u011futma hedefiyle yola \u00e7\u0131kan marka, son d\u00f6nemde yapt\u0131\u011f\u0131 ataklarla elektrikli ara\u00e7 sekt\u00f6r\u00fcnde 2022 y\u0131l\u0131nda 1 milyon 860 milyon adet satarak global pazar lideri olarak \u00f6ne \u00e7\u0131kt\u0131. 2023\u2019\u00fcn ilk 8 ay\u0131nda ger\u00e7ekle\u015fen 1 milyon 780 bin adetlik sat\u0131\u015f\u0131 ile liderli\u011fini koruyor. Bu rakamlara ula\u015fmam\u0131za katk\u0131 sa\u011flayan ilk global modelimiz BYD ATTO 3 ise sadece 18 ayda 500 bin adet \u00fcretildi ve bir\u00e7ok \u00f6nde gelen Avrupa pazar\u0131nda en \u00e7ok tercih edilen modellerden biri haline geldi.&#8221;<\/p>\n<h2><strong>&#8220;T\u00fcrkiye&#8217;de de elektrikli ara\u00e7 pazar\u0131n\u0131n \u00e7ok h\u0131zl\u0131 geli\u015fim g\u00f6sterdi&#8221;<\/strong><\/h2>\n<p>BYD T\u00fcrkiye Genel M\u00fcd\u00fcr\u00fc \u0130smail Ergun da d\u00fcnyada her ge\u00e7en g\u00fcn h\u0131zla b\u00fcy\u00fcyen markan\u0131n geli\u015fimine ve b\u00fcy\u00fcmesine paralel olarak BYD\u2019yi T\u00fcrkiye\u2019de temsil ederek \u00f6nemli bir ad\u0131m att\u0131klar\u0131n\u0131 kaydetti.<\/p>\n<p>Ergun, T\u00fcrkiye&#8217;de de elektrikli ara\u00e7 pazar\u0131n\u0131n \u00e7ok h\u0131zl\u0131 geli\u015fim g\u00f6sterdi\u011fini belirterek, &#8220;Y\u0131l\u0131n ilk 8 ay\u0131nda ge\u00e7en seneye g\u00f6re pazarda y\u00fczde 83\u2019l\u00fck bir art\u0131\u015f meydana geldi ve toplam otomotiv pazar\u0131nda elektrikli ara\u00e7lar\u0131n pay\u0131 y\u00fczde 8\u2019e yakla\u015ft\u0131. T\u00fcrkiye\u2019de 20\u2019den fazla marka, 40\u2019tan fazla model ile elektrikli ara\u00e7 pazar\u0131 her ay daha da geni\u015fliyor. BYD modelleri \u00fcst\u00fcn teknolojiye ve premium kaliteye sahip elektrikli \u00fcr\u00fcn gam\u0131 ile benzerlerinden ayr\u0131\u015f\u0131rken, bu modelleri t\u00fcm d\u00fcnyada oldu\u011fu gibi \u00fclkemizde de ula\u015fabilir fiyatlarda sunaca\u011f\u0131z.&#8221; diye konu\u015ftu.<\/p>\n<h2><strong>&#8220;2024 y\u0131l\u0131nda 20\u2019nin \u00fczerinde bayi adedine ula\u015fmay\u0131 planlad\u0131k\u201d<\/strong><\/h2>\n<p>BYD T\u00fcrkiye&#8217;nin orta ve uzun vadeli yap\u0131lanmas\u0131n\u0131n t\u00fcm h\u0131z\u0131yla s\u00fcrd\u00fc\u011f\u00fcn\u00fc, bu y\u0131l i\u00e7in ba\u015fta b\u00fcy\u00fck \u015fehirlerde olmak \u00fczere bayi yap\u0131lanmas\u0131n\u0131 da yo\u011fun bir \u015fekilde ba\u015flatarak 2024 y\u0131l\u0131nda 20\u2019nin \u00fczerinde bayi adedine ula\u015fmay\u0131 planlad\u0131klar\u0131n\u0131 aktaran Ergun, s\u00f6zlerini \u015f\u00f6yle s\u00fcrd\u00fcrd\u00fc:<\/p>\n<p>&#8220;BYD T\u00fcrkiye olarak operasyonlar\u0131m\u0131z\u0131 \u00e7ok y\u00f6nl\u00fc olarak de\u011ferlendiriyoruz. 2024 y\u0131l\u0131nda bayi a\u011f\u0131m\u0131z\u0131 T\u00fcrkiye pazar\u0131n\u0131n y\u00fczde 82\u2019sini kapsayacak \u015fekilde yap\u0131land\u0131raca\u011f\u0131z. Kas\u0131m ay\u0131nda sat\u0131\u015flar\u0131n ba\u015flamas\u0131yla birlikte &#8216;BYD Dijital Bayi&#8217; sistemini de devreye alaca\u011f\u0131z. Bu sayede 81 ilimizdeki m\u00fc\u015fterilerimize ula\u015faca\u011f\u0131z. BYD modellerini tercih edenler &#8216;BYD Dijital Bayi&#8217; \u00fczerinden sat\u0131n alma i\u015flemini ba\u015flatm\u0131\u015f olacaklar. M\u00fc\u015fterilerimize en kaliteli ve eksiksiz hizmeti sunmak ad\u0131na her ihtiyaca cevap verecek yat\u0131r\u0131mlar ger\u00e7ekle\u015ftiriyoruz. B\u00fct\u00fcn bayilerimizde markadan ba\u011f\u0131ms\u0131z olarak elektrikli ara\u00e7lar hakk\u0131nda en temel ve \u00e7ok y\u00f6nl\u00fc bilgileri m\u00fc\u015fterilere sunacak olan bir &#8216;Elektrikli Ara\u00e7 Dan\u0131\u015fman\u0131&#8217; olacak. Bu kapsamda t\u00fcm bayilerimiz elektrikli otomobiller hakk\u0131ndaki b\u00fct\u00fcn soru i\u015faretlerini ortadan kald\u0131racak \u015fekilde yap\u0131lan\u0131yor. BYD, t\u00fcm modellerinde 8 y\u0131l\/200 bin kilometre garanti sunan tek marka olarak \u00f6ne \u00e7\u0131kacak. Ayr\u0131ca BYD modelleri i\u00e7in, sat\u0131\u015f, servis ve yedek par\u00e7a gibi 360 derece hizmetleri en m\u00fckemmel \u015fekilde ilk g\u00fcnden itibaren sunaca\u011f\u0131z.&#8221;<\/p>\n<h2><strong>&#8220;Y\u00fczde 10 \u00d6TV dilimine giren ATTO 3 ile sat\u0131\u015flar ba\u015fl\u0131yor&#8221;<\/strong><\/h2>\n<p>Ergun, BYD T\u00fcrkiye\u2019nin y\u0131l sonu ve gelecek y\u0131l planlamas\u0131na da de\u011findi.<\/p>\n<p>\u0130lk etapta y\u00fczde 10 \u00d6TV dilimine giren en iddial\u0131 C SUV modelleri BYD ATTO 3 ile pazara g\u00fc\u00e7l\u00fc bir giri\u015f yapt\u0131klar\u0131n\u0131 dile getiren Ergun, &#8220;BYD T\u00fcrkiye m\u00fc\u015fteri deneyimini tasarlarken hem fiziksel hem de dijital bir deneyim elde etmeye odakland\u0131k. Lansmanla birlikte BYD ATTO 3 i\u00e7in online olarak talepleri almaya ba\u015flayaca\u011f\u0131z ve hem fiziksel hem de dijital kanallar\u0131m\u0131z\u0131 m\u00fc\u015fterilerin hayat\u0131n\u0131 kolayla\u015ft\u0131racak \u015fekilde kullanaca\u011f\u0131z. 2024 y\u0131l\u0131nda \u00fcr\u00fcn gam\u0131na kat\u0131lacak yeni modeller ile hi\u00e7 durmadan yelpazemizi geni\u015fletece\u011fiz. Farkl\u0131 segmentlerde sunaca\u011f\u0131m\u0131z modellerle her t\u00fcrl\u00fc beklentiye cevap vermek, birinci derecede \u00f6nemli konumuz olacak.&#8221; ifadelerini kulland\u0131.<\/p>\n<h2><strong>BYD, bug\u00fcne kadar 5 milyonun \u00fczerinde sat\u0131\u015f ger\u00e7ekle\u015ftirdi<\/strong><\/h2>\n<p>Verilen bilgiye g\u00f6re, 2003 y\u0131l\u0131ndan ba\u015flayarak bug\u00fcne kadar ger\u00e7ekle\u015ftirdi\u011fi 5 milyonun \u00fczerinde sat\u0131\u015f adediyle elektrikli ara\u00e7 segmentinde lider konumda bulunan BYD, premium tasar\u0131m\u0131 ve y\u00fcksek kalite anlay\u0131\u015f\u0131, y\u00fcksek menzil, performans ve g\u00fcvenli\u011fi bir arada sunan &#8220;Blade Batarya&#8221; teknolojisiyle de \u00f6ne \u00e7\u0131k\u0131yor.<\/p>\n<p>Markan\u0131n yeni e-platform 3.0 ve Blade Batarya teknolojisiyle donat\u0131lan BYD ATTO 3, \u015f\u0131k tasar\u0131m\u0131, y\u00fcksek kaliteyi, y\u00fcksek verimlili\u011fi ve performans\u0131 bir araya getiriyor.<\/p>\n<p>Euro NCAP g\u00fcvenlik testinden 5 y\u0131ld\u0131z alan BYD ATTO 3, dinamik tasar\u0131m\u0131yla BYD\u2019nin keyifli elektrikli ara\u00e7 performans\u0131ndan ipu\u00e7lar\u0131 veriyor. 150 kW g\u00fcc\u00fc ve 310 Nm tork de\u011feriyle birlikte 0-100 km\/s h\u0131zlanmas\u0131n\u0131 7,3 saniyede tamamlayan BYD ATTO 3, WLTP \u00f6l\u00e7\u00fcmlerine g\u00f6re karma kullan\u0131mda 420 km, \u015fehir i\u00e7inde ise 565 km menzil sunuyor. BYD ATTO 3, y\u00fcksek verimlili\u011fiyle birlikte 15.6 kWh\/100 km <a href=\"https:\/\/www.ekonomim.com\/sektorler\/enerji\" target=\"_blank\" title=\"enerji\" rel=\"noopener\">enerji<\/a> t\u00fcketimiyle de dikkati \u00e7ekiyor. BYD ATTO 3, 150 kW DC \u015farj ile y\u00fczde 30\u2019dan y\u00fczde 80\u2019e 29 dakikada \u015farj edilebiliyor.<\/p>\n<p>E segmentinde konumlanan BYD HAN da sportif ve aerodinamik tasar\u0131m\u0131 ultra l\u00fcks kabiniyle birle\u015ftiriyor. 0-100 km\/s h\u0131zlanmas\u0131n\u0131 3,9 saniyede tamamlayan BYD HAN, WLTP \u00f6l\u00e7\u00fcmlerine g\u00f6re karma kullan\u0131mda 521 kilometre, \u015fehir i\u00e7i kullan\u0131mda ise 662 km menzil sunuyor.<\/p>\n<p>C segmenti hatchback modeli BYD DOLPHIN ise 70-150 kW g\u00fcc\u00fcnde elektrik motoru se\u00e7eneklerine ve 44,9 ile 60,4 kWh batarya se\u00e7eneklerine sahip. Yakla\u015f\u0131k 427 kilometre menzil sunan BYD DOLPHIN, 0-100 km\/s h\u0131zlanmas\u0131n\u0131 7 saniyede tamamlayabiliyor. 88 kW \u015farj ile y\u00fczde 30\u2019dan y\u00fczde 80\u2019e 29 dakikada \u015farj edilebiliyor.<\/p>\n<p>BYD&#8217;nin D segmenti temsilcileri BYD SEAL sedan ve BYD SEAL U SUV da gelecek d\u00f6nemde T\u00fcrkiye pazar\u0131na sunulacak \u00f6nemli modeller olacak. BYD SEAL U ve BYD SEAL, etkileyici g\u00f6r\u00fcn\u00fcmleriyle de dikkati \u00e7ekiyor. Sportif tasar\u0131ma sahip BYD SEAL, 82.5 kWh BYD Blade Batarya ile sunulacak. BYD SEAL ayr\u0131ca 230 kW arkadan iti\u015fli (313 HP) ve 390 kW (530 HP) d\u00f6rt \u00e7eker s\u00fcr\u00fc\u015fl\u00fc versiyonlarla tercih edilebilecek. BYD SEAL versiyona g\u00f6re 570 km\u2019ye kadar menzil sunacak. BYD SEAL U, 420 km menzil sunan 71.8 kWh ve 500 km menzil sunan 87 kWh BYD Blade Batarya se\u00e7eneklerine sahip olacak. BYD SEAL U modelinde 160 kW g\u00fcc\u00fcnde bir elektrik motoru yer al\u0131yor. BYD SEAL U, be\u015f ki\u015fi i\u00e7in konforlu ve geni\u015f bir i\u00e7 hacim ile geni\u015f bagaj alan\u0131 sunan SUV olarak \u00f6ne \u00e7\u0131k\u0131yor. BYD DOLPHIN ve BYD SEAL gibi okyanus tasar\u0131m temas\u0131ndan ilham alan model, 2024\u2019in ilk yar\u0131s\u0131nda Avrupa\u2019da sat\u0131\u015fa sunulacak.<\/p>\n<p>BYD, ayn\u0131 zamanda 7 koltuklu BYD TANG modelini de gelecek d\u00f6nemde T\u00fcrk kullan\u0131c\u0131lar\u0131yla bulu\u015fturmay\u0131 hedefliyor. Geni\u015f ailelerin t\u00fcm ihtiya\u00e7lar\u0131n\u0131 kar\u015f\u0131layabilecek \u015fekilde ya\u015fam alanlar\u0131 sunan BYD TANG, konfor ve l\u00fcks odakl\u0131 kabiniyle dikkat \u00e7ekiyor. WLTP \u00f6l\u00e7\u00fcmlerine g\u00f6re ortalama 400 kilometre menzil sunan BYD TANG, 380 kW g\u00fcc\u00fcyle 0-100 km\/s h\u0131zlanmas\u0131n\u0131 4.6 saniyede tamaml\u0131yor. 110 kW DC \u015farj ile 30 dakikada y\u00fczde 30 kapasiteden y\u00fczde 80 kapasiteye kadar \u015farj edilebiliyor.<\/p>\n<h2><strong>T\u00fcm komponentleri kendi \u00fcretiyor<\/strong><\/h2>\n<p>BYD, 1995 y\u0131l\u0131nda batarya \u015firketi olarak kuruldu ve g\u00fcn\u00fcm\u00fczde bataryalar, elektrikli ara\u00e7lar\u0131n en \u00f6nemli bile\u015feni olarak dikkati \u00e7ekiyor. 2003 y\u0131l\u0131nda ise BYD otomobil \u00fcretmeye ba\u015flayarak yenilik\u00e7i yakla\u015f\u0131m\u0131n\u0131 otomotiv sekt\u00f6r\u00fcne ta\u015f\u0131d\u0131. BYD teknoloji tabanl\u0131 ve inovasyon odakl\u0131 bir \u015firket olarak, batarya, elektrik motoru ve di\u011fer komponentler olmak \u00fczere elektrikli ara\u00e7lar i\u00e7in t\u00fcm bile\u015fenlerini kendisini \u00fcretiyor.<\/p>\n<p>Ge\u00e7en y\u0131l 1,86 milyon adet yeni enerji arac\u0131 satarak 2021\u2019e g\u00f6re 3 kat\u0131 fazla ara\u00e7 sat\u0131\u015f\u0131 ger\u00e7ekle\u015ftiren BYD, k\u0131sa zamanda d\u00fcnyan\u0131n 1 numaral\u0131 yeni enerji ara\u00e7 \u00fcreticisi oldu. Ayn\u0131 zamanda ge\u00e7en g\u00fcnlerde 5 milyon adetlik yeni enerji ara\u00e7 sat\u0131\u015f rakam\u0131na ula\u015fan BYD, bunu d\u00fcnyada ger\u00e7ekle\u015ftiren ilk \u00fcretici unvan\u0131n\u0131 elde etti.<\/p>\n<\/p><\/div>\n<p>[ad_2]<br \/>\n<br \/><a href=\"https:\/\/www.ekonomim.com\/sektorler\/otomotiv\/byd-turkiye-pazarina-giris-yapti-haberi-709933\">Source link <\/a><\/p>\n","protected":false},"excerpt":{"rendered":"<p>[ad_1] \u00c7inli elektrikli ara\u00e7 \u00fcreticisi BYD&#8217;nin ALJ T\u00fcrkiye distrib\u00fct\u00f6rl\u00fc\u011f\u00fcnde T\u00fcrk otomotiv pazar\u0131ndaki yerini almas\u0131na ili\u015fkin<\/p>\n","protected":false},"author":1,"featured_media":4983,"comment_status":"open","ping_status":"open","sticky":false,"template":"","format":"standard","meta":{"footnotes":""},"categories":[3],"tags":[],"class_list":["post-4982","post","type-post","status-publish","format-standard","has-post-thumbnail","hentry","category-ekonomi"],"_links":{"self":[{"href":"https:\/\/egemhabertv.com\/index.php?rest_route=\/wp\/v2\/posts\/4982","targetHints":{"allow":["GET"]}}],"collection":[{"href":"https:\/\/egemhabertv.com\/index.php?rest_route=\/wp\/v2\/posts"}],"about":[{"href":"https:\/\/egemhabertv.com\/index.php?rest_route=\/wp\/v2\/types\/post"}],"author":[{"embeddable":true,"href":"https:\/\/egemhabertv.com\/index.php?rest_route=\/wp\/v2\/users\/1"}],"replies":[{"embeddable":true,"href":"https:\/\/egemhabertv.com\/index.php?rest_route=%2Fwp%2Fv2%2Fcomments&post=4982"}],"version-history":[{"count":0,"href":"https:\/\/egemhabertv.com\/index.php?rest_route=\/wp\/v2\/posts\/4982\/revisions"}],"wp:featuredmedia":[{"embeddable":true,"href":"https:\/\/egemhabertv.com\/index.php?rest_route=\/wp\/v2\/media\/4983"}],"wp:attachment":[{"href":"https:\/\/egemhabertv.com\/index.php?rest_route=%2Fwp%2Fv2%2Fmedia&parent=4982"}],"wp:term":[{"taxonomy":"category","embeddable":true,"href":"https:\/\/egemhabertv.com\/index.php?rest_route=%2Fwp%2Fv2%2Fcategories&post=4982"},{"taxonomy":"post_tag","embeddable":true,"href":"https:\/\/egemhabertv.com\/index.php?rest_route=%2Fwp%2Fv2%2Ftags&post=4982"}],"curies":[{"name":"wp","href":"https:\/\/api.w.org\/{rel}","templated":true}]}}